[{"@context":"https:\/\/schema.org\/","@type":"Article","@id":"https:\/\/www.aacs.cz\/ockovani-neni-jed-ale-obrana\/#Article","mainEntityOfPage":"https:\/\/www.aacs.cz\/ockovani-neni-jed-ale-obrana\/","headline":"O\u010dkov\u00e1n\u00ed nen\u00ed jed, ale obrana!","name":"O\u010dkov\u00e1n\u00ed nen\u00ed jed, ale obrana!","description":"O\u010dkov\u00e1n\u00ed. T\u00e9ma, kter\u00e9 je mezi maminkami mnoho prob\u00edran\u00e9 a snad \u0159e\u0161en\u00e9, u\u017e od samotn\u00e9ho narozen\u00ed miminka. N\u00e1zory se obecn\u011b li\u0161\u00ed, jedny tvrd\u00ed, \u017ee je to &hellip; ","datePublished":"2017-10-31","dateModified":"2023-05-03","author":{"@type":"Person","@id":"https:\/\/www.aacs.cz\/author\/devene\/#Person","name":"devene","url":"https:\/\/www.aacs.cz\/author\/devene\/","identifier":1,"image":{"@type":"ImageObject","@id":"https:\/\/secure.gravatar.com\/avatar\/e0a4ee3123bc6cda06472cb29cefd2abfa18c894e6c63b3d8bc84df8da10f637?s=96&d=mm&r=g","url":"https:\/\/secure.gravatar.com\/avatar\/e0a4ee3123bc6cda06472cb29cefd2abfa18c894e6c63b3d8bc84df8da10f637?s=96&d=mm&r=g","height":96,"width":96}},"publisher":{"@type":"Organization","name":"aacs.cz","logo":{"@type":"ImageObject","@id":"\/logo.png","url":"\/logo.png","width":600,"height":60}},"image":{"@type":"ImageObject","@id":"https:\/\/www.aacs.cz\/wp-content\/uploads\/img_a303945_w1937_t1514730426.jpg","url":"https:\/\/www.aacs.cz\/wp-content\/uploads\/img_a303945_w1937_t1514730426.jpg","height":0,"width":0},"url":"https:\/\/www.aacs.cz\/ockovani-neni-jed-ale-obrana\/","wordCount":575,"articleBody":"O\u010dkov\u00e1n\u00ed. T\u00e9ma, kter\u00e9 je mezi maminkami mnoho prob\u00edran\u00e9 a snad \u0159e\u0161en\u00e9, u\u017e od samotn\u00e9ho narozen\u00ed miminka.  N\u00e1zory se obecn\u011b li\u0161\u00ed, jedny tvrd\u00ed, \u017ee je to pot\u0159eba a ti druz\u00ed, \u017ee vakc\u00edny \u0161kod\u00ed miminku a ohro\u017euj\u00ed ho na jeho v\u00fdvoji r\u016fzn\u00fdmi vady. Jak to tedy je a pro\u010d z n\u011bho, maj\u00ed v\u0161ichni strach? \u0158EKN\u011aME SI FAKTA 1. O\u010dkov\u00e1n\u00ed je povinnost \u2013 tedy alespo\u0148 v p\u0159\u00edpad\u011b, \u017ee sv\u00e9 d\u00edt\u011b pl\u00e1nujete d\u00e1t do budoucna do kolektivn\u00edho za\u0159\u00edzen\u00ed. Jestli se rozhodnete ho neo\u010dkovat, \u0161kolka bude m\u00edt s v\u00e1mi probl\u00e9m, proto\u017ee bude va\u0161e d\u00edt\u011b pokl\u00e1dat za p\u0159ena\u0161e\u010de nemoc\u00ed. 2. O\u010dkuje se u\u017e l\u00e9ta \u2013 ano je to tak, o\u010dkov\u00e1n\u00ed mezi d\u011btmi prob\u00edh\u00e1 u\u017e n\u011bkolik spoustu let a pokud by bylo n\u011bjak\u00fdm zp\u016fsobem dok\u00e1z\u00e1no, \u017ee ohro\u017euje d\u011bti na \u017eivot\u011b a ment\u00e1ln\u00edm v\u00fdvoji, rozhodn\u011b by nebylo praktikov\u00e1no! 3. Ochr\u00e1n\u00ed va\u0161e d\u011bti p\u0159ed v\u00e1\u017en\u00fdmi nemocemi \u2013 b\u011b\u017en\u011b nemocn\u00e9 d\u011bti maj\u00ed jenom r\u00fdmu, nebo ka\u0161el, co se t\u00fd\u010de v\u00e1\u017en\u00fdch onemocn\u011bn\u00ed, jak\u00fdmi jsou \u010dern\u00fd ka\u0161el, \u017eloutenka anebo p\u0159\u00edu\u0161nice, je pot\u0159eba myslet na to, \u017ee o\u010dkov\u00e1n\u00edm m\u016f\u017eete ochr\u00e1nit va\u0161e d\u00edt\u011b p\u0159ed mo\u017en\u00fdm napaden\u00edm podstatn\u011b l\u00e9pe, ne\u017e kdyby jste ho neo\u010dkovali. Z\u00c1KLADEM JE HLEDAT INFORMACE U ODBORN\u00cdKA Pokud se k v\u00e1m dostali informace (a ne zrovna pozitivn\u00ed) o o\u010dkov\u00e1n\u00ed d\u011bt\u00ed, ned\u011blejte hned pevn\u00e9 z\u00e1v\u011bry. Je pravdou, \u017ee v\u00e1m dne\u0161n\u00ed doba dok\u00e1\u017ee umo\u017enit naj\u00edt si informace o o\u010dkov\u00e1n\u00ed na internetu, ale m\u016f\u017eou b\u00fdt mnohem zav\u00e1d\u011bj\u00edc\u00ed, ne\u017e si mysl\u00edte. M\u00e1te pochybnosti a obavy z mo\u017en\u00fdch rizik? Pora\u010fte se s kvalifikovan\u00fdm pediatrem, kter\u00fd o\u010dkuje u\u017e od nepam\u011bti. Po\u017e\u00e1dejte ho, a\u0165 v\u00e1m zohledn\u00ed v\u0161echny relevantn\u00ed pro a proti a umo\u017en\u00ed v\u00e1m zdrav\u00fd pohled na danou problematiku. Nenechte se zm\u00e1st n\u00e1zorem od kamar\u00e1dky, nebo p\u0159e\u010dten\u00edm diskus\u00ed na \u201emaminkovsk\u00fdch\u201c str\u00e1nk\u00e1ch. Nezapome\u0148te, \u017ee \u017e\u00e1dn\u00fd pediatr, v\u00e1m nesm\u00ed lh\u00e1t a tvrdit, \u017ee je to spr\u00e1vn\u00fd, pokud by to nebyla pravda. Hledejte mo\u017enosti Je pochopiteln\u00e9, \u017ee chcete pro va\u0161e d\u00edt\u011b, jen to nejlep\u0161\u00ed. Bohu\u017eel \u017e\u00e1dn\u00e1 o\u010dkovac\u00ed vakc\u00edna nen\u00ed p\u0159\u00edrodn\u00ed a neobejde se bez siln\u00e9ho z\u00e1sahu. M\u016f\u017eete si ale zjistit, jak\u00e9 jsou u n\u00e1s mo\u017en\u00e9 alternativy v podob\u011b o\u010dkovac\u00edch vakc\u00edn. N\u011bkter\u00e9 se vyd\u00e1vaj\u00ed za \u201e\u0161etrn\u011bj\u0161\u00ed\u201c, ale pozor, tak\u00e9 s ne takov\u00fdm v\u00fdsledkem, jako u t\u011bch b\u011b\u017en\u00fdch. Zat\u00edm co z\u00e1kladn\u00ed vakc\u00edny v\u00e1m pom\u016f\u017eou va\u0161e d\u00edt\u011b ochr\u00e1nit p\u0159ed 6 nemocemi, ty druho\u0159ad\u00e9 p\u0159ev\u00e1\u017en\u011b o 4 nemoci. A to v\u00e1m taky nemus\u00ed \u00fapln\u011b v kolektivn\u00edch za\u0159\u00edzen\u00edch proj\u00edt.Rada na z\u00e1v\u011br: Myslete na sv\u00e9 d\u00edt\u011b, chra\u0148te ho p\u0159ed mo\u017en\u00fdm nebezpe\u010d\u00edm a zva\u017ete, jestli je v\u011bt\u0161\u00ed hrozba o\u010dkov\u00e1n\u00ed, nebo p\u0159\u00edpadn\u00fd boj s nemoci.                                                                                                                                                                                                                                                                                                                                                                                        4.8\/5 - (6 votes)        "},{"@context":"https:\/\/schema.org\/","@type":"BreadcrumbList","itemListElement":[{"@type":"ListItem","position":1,"name":"O\u010dkov\u00e1n\u00ed nen\u00ed jed, ale obrana!","item":"https:\/\/www.aacs.cz\/ockovani-neni-jed-ale-obrana\/#breadcrumbitem"}]}]