[{"@context":"https:\/\/schema.org\/","@type":"Article","@id":"https:\/\/www.aacs.cz\/leginy-jako-prakticky-kus-obleceni-kazde-zeny\/#Article","mainEntityOfPage":"https:\/\/www.aacs.cz\/leginy-jako-prakticky-kus-obleceni-kazde-zeny\/","headline":"Leg\u00edny jako praktick\u00fd kus oble\u010den\u00ed ka\u017ed\u00e9 \u017eeny","name":"Leg\u00edny jako praktick\u00fd kus oble\u010den\u00ed ka\u017ed\u00e9 \u017eeny","description":"Jedn\u00edm z velmi obl\u00edben\u00fdch a univerz\u00e1ln\u00edch kus\u016f oble\u010den\u00ed se v posledn\u00ed dob\u011b staly leg\u00edny. Ty jsou u \u017een velmi obl\u00edben\u00e9. A\u010d n\u011bkdy bud\u00ed rozpaky nad &hellip; ","datePublished":"2022-03-28","dateModified":"2022-03-28","author":{"@type":"Person","@id":"https:\/\/www.aacs.cz\/author\/devene\/#Person","name":"devene","url":"https:\/\/www.aacs.cz\/author\/devene\/","identifier":1,"image":{"@type":"ImageObject","@id":"https:\/\/secure.gravatar.com\/avatar\/e0a4ee3123bc6cda06472cb29cefd2abfa18c894e6c63b3d8bc84df8da10f637?s=96&d=mm&r=g","url":"https:\/\/secure.gravatar.com\/avatar\/e0a4ee3123bc6cda06472cb29cefd2abfa18c894e6c63b3d8bc84df8da10f637?s=96&d=mm&r=g","height":96,"width":96}},"publisher":{"@type":"Organization","name":"aacs.cz","logo":{"@type":"ImageObject","@id":"\/logo.png","url":"\/logo.png","width":600,"height":60}},"image":{"@type":"ImageObject","@id":"https:\/\/www.aacs.cz\/wp-content\/uploads\/fashion-g3322da6e6_640_1.jpg","url":"https:\/\/www.aacs.cz\/wp-content\/uploads\/fashion-g3322da6e6_640_1.jpg","height":0,"width":0},"url":"https:\/\/www.aacs.cz\/leginy-jako-prakticky-kus-obleceni-kazde-zeny\/","about":["Nakupov\u00e1n\u00ed"],"wordCount":468,"articleBody":"   Jedn\u00edm z velmi obl\u00edben\u00fdch a univerz\u00e1ln\u00edch kus\u016f oble\u010den\u00ed se v posledn\u00ed dob\u011b staly leg\u00edny. Ty jsou u \u017een velmi obl\u00edben\u00e9. A\u010d n\u011bkdy bud\u00ed rozpaky nad t\u00edm, zda jsou leg\u00edny vhodn\u00e9, zda moc nezv\u00fdraz\u0148uj\u00ed postavu a zda si je m\u016f\u017ee obl\u00e9ci ka\u017ed\u00e1 \u017eena a na jak\u00e9 ud\u00e1losti se hod\u00ed a na kter\u00e9 u\u017e ne. P\u0159esto jsou leg\u00edny hojn\u011b no\u0161en\u00e9. Jde o praktick\u00fd, p\u0159\u00edjemn\u00fd a velmi \u017eensk\u00fd kus oble\u010den\u00ed, se kter\u00fdm se d\u00e1 kombinovat zbytek cel\u00e9ho outfitu, tak abyste spr\u00e1vn\u011b ladili a bylo v\u00e1m v tom p\u0159\u00edjemn\u011b.Leg\u00edny se skv\u011ble hod\u00ed k del\u0161\u00edm halenk\u00e1m, k \u0161at\u016fm, sukn\u00edm, ke kra\u0165as\u016fm. Nos\u00ed se i k minov\u00fdm \u0161at\u016fm. K \u00fazk\u00fdm leg\u00edn\u00e1m si lze vz\u00edt voln\u00e9 \u0161aty i halenku. Leg\u00edny se staly obl\u00edben\u00e9 i u t\u011bhotn\u00fdch \u017een. U nich se nos\u00ed leg\u00edny speci\u00e1ln\u011b u\u0161it\u00e9 s vysok\u00fdm n\u00e1pletem.P\u0159i vhodn\u00e9m zkombinov\u00e1n\u00ed oble\u010den\u00ed se leg\u00edny hod\u00ed na v\u011bt\u0161inu typ\u016f \u017eensk\u00fdch postav. Leg\u00edny se \u0161ij\u00ed v mnoha barv\u00e1ch, z r\u016fzn\u00fdch materi\u00e1l\u016f i s r\u016fzn\u00fdmi vzory. M\u016f\u017eete tak popustit uzdu svoj\u00ed fantazii a dop\u0159\u00e1t si velmi v\u00fdrazn\u011b barevn\u00e9 leg\u00edny s obr\u00e1zky. Leg\u00edny jsou velmi praktick\u00e9 i na sport. Ve sportovn\u00edch leg\u00edn\u00e1ch, kter\u00e9 v\u00e1m nebudou nikde sj\u00ed\u017ed\u011bt, se budete c\u00edtit p\u0159i cvi\u010den\u00ed velmi pohodln\u011b a komfortn\u011b.Jak u\u017e bylo zm\u00edn\u011bn\u00e9 v\u00fd\u0161e, tak leg\u00edny se \u0161ij\u00ed z r\u016fzn\u00fdch materi\u00e1l\u016f a d\u00edky r\u016fzn\u00fdm p\u0159\u00edm\u011bs\u00edm se vyr\u00e1b\u00ed i zimn\u00ed leg\u00edny d\u00e1msk\u00e9 disstyle.cz. D\u00edky tomu m\u016f\u017eete nosit leg\u00edny i v chladn\u00fdch m\u011bs\u00edc\u00edch a bude v\u00e1m v nich tepleji ne\u017e v kalhot\u00e1ch z rifloviny. K zimn\u00edm zateplen\u00fdm leg\u00edn\u00e1m se hod\u00ed koza\u010dky a sukn\u011b, \u0161aty i dlouh\u00fd kab\u00e1t. Leg\u00edny opravdu p\u016fsob\u00ed velmi \u017eensky. A pokud se je boj\u00edte nosit kv\u016fli n\u011bjak\u00e9mu zv\u00fdrazn\u011bn\u00ed \u010d\u00e1st\u00ed va\u0161eho t\u011bla, tak je jen pot\u0159eba doplnit leg\u00edny vhodn\u00fdm vr\u0161kem a v\u0161e bude n\u00e1sledn\u011b p\u016fsobit p\u016fvabn\u011b a dokonale. N\u011bkdo r\u00e1d zv\u00fdrazn\u00ed i zade\u010dek a tak si k leg\u00edn\u00e1m r\u00e1d bere kr\u00e1tk\u00fd svetr a halenky. To u\u017e je na uv\u00e1\u017een\u00ed ka\u017ed\u00e9 \u017eeny aby zhodnotila, co ji pasuje, v \u010dem se c\u00edt\u00ed dob\u0159e a kam si takov\u00e9 oble\u010den\u00ed vezme.                                                                                                                                                                                                                                                                                                                                                                                          4.7\/5 - (3 votes)        "},{"@context":"https:\/\/schema.org\/","@type":"BreadcrumbList","itemListElement":[{"@type":"ListItem","position":1,"name":"Leg\u00edny jako praktick\u00fd kus oble\u010den\u00ed ka\u017ed\u00e9 \u017eeny","item":"https:\/\/www.aacs.cz\/leginy-jako-prakticky-kus-obleceni-kazde-zeny\/#breadcrumbitem"}]}]