[{"@context":"https:\/\/schema.org\/","@type":"Article","@id":"https:\/\/www.aacs.cz\/jak-vyuzit-prostornou-satnu\/#Article","mainEntityOfPage":"https:\/\/www.aacs.cz\/jak-vyuzit-prostornou-satnu\/","headline":"Jak vyu\u017e\u00edt prostornou \u0161atnu","name":"Jak vyu\u017e\u00edt prostornou \u0161atnu","description":"Budo\u00e1r je soukrom\u00fd pokoj pro d\u00e1my. Ka\u017ed\u00e1 \u017eena pot\u0159ebuje m\u00edt svoje soukrom\u00e9 \u00fazem\u00ed, kde odpo\u010d\u00edv\u00e1, obl\u00e9k\u00e1 se, l\u00ed\u010d\u00ed se, nebo prost\u011b chce b\u00fdt po n\u011bjakou &hellip; ","datePublished":"2020-10-02","dateModified":"2020-10-02","author":{"@type":"Person","@id":"https:\/\/www.aacs.cz\/author\/devene\/#Person","name":"devene","url":"https:\/\/www.aacs.cz\/author\/devene\/","identifier":1,"image":{"@type":"ImageObject","@id":"https:\/\/secure.gravatar.com\/avatar\/e0a4ee3123bc6cda06472cb29cefd2abfa18c894e6c63b3d8bc84df8da10f637?s=96&d=mm&r=g","url":"https:\/\/secure.gravatar.com\/avatar\/e0a4ee3123bc6cda06472cb29cefd2abfa18c894e6c63b3d8bc84df8da10f637?s=96&d=mm&r=g","height":96,"width":96}},"publisher":{"@type":"Organization","name":"aacs.cz","logo":{"@type":"ImageObject","@id":"\/logo.png","url":"\/logo.png","width":600,"height":60}},"image":{"@type":"ImageObject","@id":"https:\/\/www.aacs.cz\/wp-content\/uploads\/img_a279548_w1923_t1602931073.jpg","url":"https:\/\/www.aacs.cz\/wp-content\/uploads\/img_a279548_w1923_t1602931073.jpg","height":0,"width":0},"url":"https:\/\/www.aacs.cz\/jak-vyuzit-prostornou-satnu\/","wordCount":401,"articleBody":"Budo\u00e1r je soukrom\u00fd pokoj pro d\u00e1my. Ka\u017ed\u00e1 \u017eena pot\u0159ebuje m\u00edt svoje soukrom\u00e9 \u00fazem\u00ed, kde odpo\u010d\u00edv\u00e1, obl\u00e9k\u00e1 se, l\u00ed\u010d\u00ed se, nebo prost\u011b chce b\u00fdt po n\u011bjakou dobu naprosto sama. Za prvn\u00ed republiky byly budo\u00e1ry pro d\u00e1my naprostou samoz\u0159ejmost\u00ed. Pro\u010d by dne\u0161n\u00ed \u017eeny tak\u00e9 nemohli vyu\u017e\u00edt jak\u00e9koli mo\u017enosti m\u00edt tento b\u00e1je\u010dn\u00fd kousek soukrom\u00ed sami pro sebe? Inspirujme se minulost\u00ed a za\u0159i\u010fme si pro sebe koutek, kter\u00fd bude pokud mo\u017eno jenom n\u00e1\u0161. Slovo budo\u00e1r je francouzsk\u00e9ho p\u016fvodu a znamen\u00e1 d\u00e1msk\u00fd pokoj. Budo\u00e1r, to je vlastn\u011b ryze d\u00e1msk\u00e9 \u00fazem\u00ed, kter\u00e9 se m\u016f\u017ee spojovat i s m\u00edstem na span\u00ed. Jak by mohlo vypadat? V prvn\u00ed \u0159ad\u011b se v budo\u00e1ru bude skv\u011ble vyj\u00edmat toaletn\u00ed stolek. Pokud je v\u00e1s doma d\u011bv\u010dat v\u00edce, rad\u011bji si po\u0159i\u010fte toaletn\u00ed stolky rovnou dva. D\u00e1le by v budo\u00e1ru nem\u011blo chyb\u011bt sofa na odpo\u010dinek tak\u00e9 n\u011bjak\u00e9 velice \u00fatuln\u00e9 a m\u00edsto na posezen\u00ed a popov\u00edd\u00e1n\u00ed s p\u0159\u00edtelkyn\u011bmi. Budo\u00e1ry mohou m\u00edt tak\u00e9 tajn\u00e9 okno sm\u011b\u0159uj\u00edc\u00ed do hlavn\u00edho obytn\u00e9ho prostoru, aby \u017eeny v\u011bd\u011bly, zat\u00edmco jsou ve sv\u00e9m soukrom\u00e9m pokoji, co se mezit\u00edm v dom\u00e1cnosti d\u011bje. Tady na va\u0161em soukrom\u00e9m \u00fazem\u00ed se m\u016f\u017eete bavit s p\u0159\u00edtelkyn\u011bmi, pop\u00edjet k\u00e1vu, nebo si prost\u011b jenom \u010d\u00edst.  Hlavn\u011b tu ale m\u00e1te mo\u017enost m\u00edt sv\u00e9 osobn\u00ed v\u011bci, knihy, \u0161aty, a podobn\u00e9 d\u00e1msk\u00e9 v\u011bci. Do budo\u00e1ru tak\u00e9 m\u016f\u017eete um\u00edstit dvojl\u016f\u017eko na span\u00ed krom\u011b sofa, z\u00e1kladem je zrcadlo s toaletn\u00edm stolkem a v neposledn\u00ed \u0159ad\u011b velk\u00e9 \u0161atn\u00ed sk\u0159\u00edn\u011b. M\u00e1me-li p\u0159eci jen toho prostoru doma o n\u011bco m\u00e9n\u011b, m\u016f\u017ee budo\u00e1r nahradit jen toaletn\u00ed stolek se \u017eidli\u010dkou v rohu lo\u017enice. Co tedy do budo\u00e1ru um\u00edstit, aby plnil svou funkci? \u00b7 toaletn\u00ed stolek se zrcadlem a stoli\u010dkou \u00b7 velk\u00e9 zrcadlo, ve kter\u00e9m vid\u00edte celou svoji postavu \u00b7 psac\u00ed st\u016fl  \u00b7 koutek na \u0161ic\u00ed stroj nebo va\u0161e jin\u00e9 kon\u00ed\u010dky  \u00b7 objemn\u00e9 \u0161atn\u00ed sk\u0159\u00edn\u011b \u00b7 knihovnu \u00b7 posezen\u00ed pro va\u0161e n\u00e1v\u0161t\u011bvy, i pro v\u00e1\u0161 odpo\u010dinekohromn\u00e9 pohodln\u00e9 k\u0159eslo                                                                                                                                                                                                                                                                                                                                                                                        3.8\/5 - (6 votes)        "},{"@context":"https:\/\/schema.org\/","@type":"BreadcrumbList","itemListElement":[{"@type":"ListItem","position":1,"name":"Jak vyu\u017e\u00edt prostornou \u0161atnu","item":"https:\/\/www.aacs.cz\/jak-vyuzit-prostornou-satnu\/#breadcrumbitem"}]}]